{"id":222,"date":"2015-10-10T18:33:25","date_gmt":"2015-10-10T18:33:25","guid":{"rendered":"http:\/\/opiniaodetudo.com\/?p=222"},"modified":"2015-10-10T18:33:25","modified_gmt":"2015-10-10T18:33:25","slug":"material-utilizado-na-palestra-do-alberto-stephanio-veloso","status":"publish","type":"post","link":"https:\/\/opiniaodetudo.com\/index.php\/2015\/10\/10\/material-utilizado-na-palestra-do-alberto-stephanio-veloso\/","title":{"rendered":"Material Utilizado na Palestra do Alberto Stephanio Veloso"},"content":{"rendered":"<p>Pessoal, como combinado com os alunos presentes na Palestra do Alberto no dia 05\/10\/2015 na etec de Bebedouro, estou postando o material que ele utilizou para download, espero que fa\u00e7am bom proveito, e bons estudos<\/p>\n<p>\u00a0<a href=\"https:\/\/opiniaodetudo.com\/wp-content\/uploads\/2015\/10\/Palestra-Usabilidade-e-UX-no-desenvolvimento-de-sistemas.pdf\">Fazer download da Palestra Usabilidade e UX no desenvolvimento de sistemas<\/a><\/p>\n","protected":false},"excerpt":{"rendered":"<p>Pessoal, como combinado com os alunos presentes na Palestra do Alberto no dia 05\/10\/2015 na etec de Bebedouro, estou postando o material que ele utilizou para download, espero que fa\u00e7am bom proveito, e bons estudos \u00a0Fazer download da Palestra Usabilidade e UX no desenvolvimento de sistemas<\/p>\n","protected":false},"author":1,"featured_media":0,"comment_status":"open","ping_status":"open","sticky":false,"template":"","format":"standard","meta":{"spay_email":"","footnotes":"","jetpack_publicize_message":""},"categories":[7,12],"tags":[],"jetpack_featured_media_url":"","jetpack_publicize_connections":[],"jetpack_sharing_enabled":true,"jetpack_shortlink":"https:\/\/wp.me\/p6N3xn-3A","jetpack-related-posts":[{"id":1941,"url":"https:\/\/opiniaodetudo.com\/index.php\/2023\/07\/19\/10-motivos-para-contratar-a-palestra-professor-4-0-do-professor-andre-luiz-goncalves-de-macedo-para-sua-escola\/","url_meta":{"origin":222,"position":0},"title":"10 motivos para contratar a palestra \"Professor 4.0\" do professor Andr\u00e9 Luiz Gon\u00e7alves de Macedo Para sua escola","date":"julho 19, 2023","format":false,"excerpt":"Aprenda como usar a tecnologia em sala de aula de forma eficaz.\u00a0O professor Andr\u00e9 \u00e9 especialista em tecnologias na educa\u00e7\u00e3o a dist\u00e2ncia e possui mais de 15 anos de experi\u00eancia em educa\u00e7\u00e3o t\u00e9cnica e superior. Ele pode ensinar os professores da sua institui\u00e7\u00e3o a como usar a tecnologia para melhorar\u2026","rel":"","context":"Em &quot;Not\u00edcias&quot;","img":{"alt_text":"","src":"","width":0,"height":0},"classes":[]},{"id":137,"url":"https:\/\/opiniaodetudo.com\/index.php\/2015\/10\/07\/semana-de-informatica-dias-05-e-06-de-outubro\/","url_meta":{"origin":222,"position":1},"title":"Semana de Inform\u00e1tica da ETEC de Bebedouro Dias 05 e 06 de Outubro !","date":"outubro 7, 2015","format":false,"excerpt":"Pessoal, separei algumas fotos das palestras dos dias 5\/10 e 6\/10 e dos minicursos do dia 6\/10, lembrando que ainda teremos muitas coisas para essas semana. Confira a noticia Completa no site \u00a0da Etec de Bebedouro","rel":"","context":"Em &quot;Not\u00edcias&quot;","img":{"alt_text":"","src":"https:\/\/i2.wp.com\/opiniaodetudo.com\/wp-content\/uploads\/2015\/10\/Turma-Formata\u00c3\u00a7\u00c3\u00a3o-300x225.jpg?resize=350%2C200&ssl=1","width":350,"height":200},"classes":[]},{"id":596,"url":"https:\/\/opiniaodetudo.com\/index.php\/2016\/02\/19\/palestra-mario-sergio-cortella\/","url_meta":{"origin":222,"position":2},"title":"Palestra Mario Sergio Cortella","date":"fevereiro 19, 2016","format":false,"excerpt":"Galera \u00a0estou muito feliz, pois essa semana tive a oportunidade de conhecer um dos meus maiores \u00eddolos, e sem d\u00favida um dos maiores fil\u00f3sofos brasileiros, queria agradecer o Rodrigo Campos que cedeu o convite para que eu pudesse prestigiar o evento, que com certeza ficar\u00e1 gravado para sempre em minha\u2026","rel":"","context":"Em &quot;Not\u00edcias&quot;","img":{"alt_text":"IMG-20160217-WA0022","src":"https:\/\/i0.wp.com\/opiniaodetudo.com\/wp-content\/uploads\/2016\/02\/IMG-20160217-WA0022-300x225.jpg?resize=350%2C200&ssl=1","width":350,"height":200},"classes":[]},{"id":292,"url":"https:\/\/opiniaodetudo.com\/index.php\/2015\/10\/21\/criar-um-aplicativo-de-contagem-regressiva-de-segundos-em-delphi-e-c\/","url_meta":{"origin":222,"position":3},"title":"Criar um aplicativo de contagem Regressiva de Segundos em Delphi e C#","date":"outubro 21, 2015","format":false,"excerpt":"Ol\u00e1 galera, eu aqui de novo com mais um material legal, ontem o pessoal do time de Rugby que treina na ETEC de Bebedouro me informaram\u00a0que tinham um problema para o jogo deles, que era um cronometro que marcasse 40 segundos regressivos, podendo ser pausado, para isso fiz dois modelos\u2026","rel":"","context":"Em &quot;Not\u00edcias&quot;","img":{"alt_text":"","src":"","width":0,"height":0},"classes":[]},{"id":342,"url":"https:\/\/opiniaodetudo.com\/index.php\/2015\/11\/05\/pdf-gratuito-do-livro-bootstrap-3-3-5-do-maujor\/","url_meta":{"origin":222,"position":4},"title":"PDF gratuito do livro\u00a0Bootstrap 3.3.5 do Maujor","date":"novembro 5, 2015","format":false,"excerpt":"Pessoal a Novatec disponibilizou gratuitamente o PDF do livro de bootstrap do Maujor, aproveitem essa oportunidade de usufruir de um material de qualidade e totalmente gratuito, eu mandei um email na novatec para analisar a possibilidade de postar o download do pdf aqui no blog, mas o pessoal pediu para\u2026","rel":"","context":"Em &quot;CSS&quot;","img":{"alt_text":"","src":"https:\/\/i1.wp.com\/gallery.mailchimp.com\/2c76ef9e01507ed00c9710944\/images\/ec5f1bce-75d2-4a21-846e-db5c063b79e7.jpg?resize=350%2C200&ssl=1","width":350,"height":200},"classes":[]},{"id":633,"url":"https:\/\/opiniaodetudo.com\/index.php\/2016\/04\/16\/download-da-dll-utilizada-para-conectar-mysql-com-delphi\/","url_meta":{"origin":222,"position":5},"title":"Download da DLL utilizada para Conectar MYSQL com delphi","date":"abril 16, 2016","format":false,"excerpt":"Para efetuar a conex\u00e3o do Delphi com o Mysql utilizando o componente FireDac no Delphi precisamos utilizar a DLL do mysql \u00a0 fa\u00e7a o download\u00a0libmySQL \u00a0 Lembre-se para que tudo funcione perfeitamente a DLL deve estar armazenada na pasta System32 no caso do windows 32 ou na pasta SysWOW no\u2026","rel":"","context":"Em &quot;Delphi&quot;","img":{"alt_text":"","src":"","width":0,"height":0},"classes":[]}],"_links":{"self":[{"href":"https:\/\/opiniaodetudo.com\/index.php\/wp-json\/wp\/v2\/posts\/222"}],"collection":[{"href":"https:\/\/opiniaodetudo.com\/index.php\/wp-json\/wp\/v2\/posts"}],"about":[{"href":"https:\/\/opiniaodetudo.com\/index.php\/wp-json\/wp\/v2\/types\/post"}],"author":[{"embeddable":true,"href":"https:\/\/opiniaodetudo.com\/index.php\/wp-json\/wp\/v2\/users\/1"}],"replies":[{"embeddable":true,"href":"https:\/\/opiniaodetudo.com\/index.php\/wp-json\/wp\/v2\/comments?post=222"}],"version-history":[{"count":1,"href":"https:\/\/opiniaodetudo.com\/index.php\/wp-json\/wp\/v2\/posts\/222\/revisions"}],"predecessor-version":[{"id":224,"href":"https:\/\/opiniaodetudo.com\/index.php\/wp-json\/wp\/v2\/posts\/222\/revisions\/224"}],"wp:attachment":[{"href":"https:\/\/opiniaodetudo.com\/index.php\/wp-json\/wp\/v2\/media?parent=222"}],"wp:term":[{"taxonomy":"category","embeddable":true,"href":"https:\/\/opiniaodetudo.com\/index.php\/wp-json\/wp\/v2\/categories?post=222"},{"taxonomy":"post_tag","embeddable":true,"href":"https:\/\/opiniaodetudo.com\/index.php\/wp-json\/wp\/v2\/tags?post=222"}],"curies":[{"name":"wp","href":"https:\/\/api.w.org\/{rel}","templated":true}]}}